{"id":485,"date":"2020-12-18T12:23:25","date_gmt":"2020-12-18T15:23:25","guid":{"rendered":"https:\/\/colegioipa.edu.ar\/site\/?p=485"},"modified":"2020-12-18T12:23:26","modified_gmt":"2020-12-18T15:23:26","slug":"el-gatito-nimo-emociono-a-todos","status":"publish","type":"post","link":"https:\/\/colegioipa.edu.ar\/site\/el-gatito-nimo-emociono-a-todos\/","title":{"rendered":"\u00abEl Gatito\u00bb Nimo emocion\u00f3 a todos"},"content":{"rendered":"\n<p>Ayer, jueves 17 de diciembre, pudimos disfrutar de la charla que brind\u00f3 Juan Mar\u00eda \u201cEl Gato\u201d Nimo, a m\u00e1s de 70 asistentes, que fuimos parte de un momento emocionante y muy gratificante.<br>Un gran ejemplo de persona y de vida que pone de manifiesto no solo el poder de la resiliencia frente a situaciones adversas, sino que nos demuestra que mientras tengamos vida tenemos por delante un sin fin de posibilidades y caminos por recorrer, solo depende de cuanto creamos y confiemos en nosotros mismos y en los dem\u00e1s.<br>El Gatito Nimo nos dej\u00f3 un mensaje impecable para terminar este a\u00f1o y comenzar el que viene con mucha m\u00e1s fuerza y voluntad para superar obst\u00e1culos y construir, entre todos, una sociedad mejor.<\/p>\n\n\n\n<p>Si quer\u00e9s revivir la charla, ingres\u00e1 <a href=\"https:\/\/youtu.be\/c3GmKLujS58\" data-type=\"URL\" data-id=\"https:\/\/youtu.be\/c3GmKLujS58\">aqu\u00ed.<\/a><\/p>\n\n\n\n<figure class=\"wp-block-image size-large\"><img fetchpriority=\"high\" decoding=\"async\" width=\"1024\" height=\"768\" src=\"https:\/\/colegioipa.edu.ar\/site\/wp-content\/uploads\/2020\/12\/WhatsApp-Image-2020-12-18-at-12.18.14-1024x768.jpeg\" alt=\"\" class=\"wp-image-486\" srcset=\"https:\/\/colegioipa.edu.ar\/site\/wp-content\/uploads\/2020\/12\/WhatsApp-Image-2020-12-18-at-12.18.14-1024x768.jpeg 1024w, https:\/\/colegioipa.edu.ar\/site\/wp-content\/uploads\/2020\/12\/WhatsApp-Image-2020-12-18-at-12.18.14-300x225.jpeg 300w, https:\/\/colegioipa.edu.ar\/site\/wp-content\/uploads\/2020\/12\/WhatsApp-Image-2020-12-18-at-12.18.14-768x576.jpeg 768w, https:\/\/colegioipa.edu.ar\/site\/wp-content\/uploads\/2020\/12\/WhatsApp-Image-2020-12-18-at-12.18.14.jpeg 1280w\" sizes=\"(max-width: 1024px) 100vw, 1024px\" \/><\/figure>\n","protected":false},"excerpt":{"rendered":"<p>Ayer, jueves 17 de diciembre, pudimos disfrutar de la charla que brind\u00f3 Juan Mar\u00eda \u201cEl Gato\u201d Nimo, a m\u00e1s de 70 asistentes, que fuimos parte de un momento emocionante y muy gratificante.Un gran ejemplo de persona y de vida que pone de manifiesto no solo el poder de la resiliencia frente a situaciones adversas, sino [&hellip;]<\/p>\n","protected":false},"author":4,"featured_media":487,"comment_status":"closed","ping_status":"closed","sticky":false,"template":"","format":"standard","meta":{"_joinchat":[],"footnotes":""},"categories":[5,7],"tags":[],"class_list":["post-485","post","type-post","status-publish","format-standard","has-post-thumbnail","hentry","category-novedades","category-publicaciones"],"_links":{"self":[{"href":"https:\/\/colegioipa.edu.ar\/site\/wp-json\/wp\/v2\/posts\/485","targetHints":{"allow":["GET"]}}],"collection":[{"href":"https:\/\/colegioipa.edu.ar\/site\/wp-json\/wp\/v2\/posts"}],"about":[{"href":"https:\/\/colegioipa.edu.ar\/site\/wp-json\/wp\/v2\/types\/post"}],"author":[{"embeddable":true,"href":"https:\/\/colegioipa.edu.ar\/site\/wp-json\/wp\/v2\/users\/4"}],"replies":[{"embeddable":true,"href":"https:\/\/colegioipa.edu.ar\/site\/wp-json\/wp\/v2\/comments?post=485"}],"version-history":[{"count":1,"href":"https:\/\/colegioipa.edu.ar\/site\/wp-json\/wp\/v2\/posts\/485\/revisions"}],"predecessor-version":[{"id":488,"href":"https:\/\/colegioipa.edu.ar\/site\/wp-json\/wp\/v2\/posts\/485\/revisions\/488"}],"wp:featuredmedia":[{"embeddable":true,"href":"https:\/\/colegioipa.edu.ar\/site\/wp-json\/wp\/v2\/media\/487"}],"wp:attachment":[{"href":"https:\/\/colegioipa.edu.ar\/site\/wp-json\/wp\/v2\/media?parent=485"}],"wp:term":[{"taxonomy":"category","embeddable":true,"href":"https:\/\/colegioipa.edu.ar\/site\/wp-json\/wp\/v2\/categories?post=485"},{"taxonomy":"post_tag","embeddable":true,"href":"https:\/\/colegioipa.edu.ar\/site\/wp-json\/wp\/v2\/tags?post=485"}],"curies":[{"name":"wp","href":"https:\/\/api.w.org\/{rel}","templated":true}]}}